{"id":20219,"date":"2023-11-05T02:24:17","date_gmt":"2023-11-05T01:24:17","guid":{"rendered":"http:\/\/joaquinschmidt.com\/?p=20219"},"modified":"2023-11-05T02:24:17","modified_gmt":"2023-11-05T01:24:17","slug":"tomas-verdu-estrena-su-obra-parxis-en-el-teatro-circulo-benimaclet-19-20-21-y-22-de-octubre","status":"publish","type":"post","link":"https:\/\/www.joaquinschmidt.com\/en\/tomas-verdu-estrena-su-obra-parxis-en-el-teatro-circulo-benimaclet-19-20-21-y-22-de-octubre\/","title":{"rendered":"Tom\u00e1s Verd\u00fa estrena su obra &#8220;Parx\u00eds&#8221; en el Teatro C\u00edrculo Benimaclet (19, 20, 21 y 22 de octubre)"},"content":{"rendered":"\n<p>El Teatro C\u00edrculo de Benimaclet acoge &#8220;Parx\u00eds&#8221;, la nueva producci\u00f3n teatral del creador y autor emergente Tom\u00e0s Verd\u00fa. La obra se estren\u00f3 el pasado 6 de octubre y los pases disponibles son el 19, 20, 21 y 22 de octubre.<br>&#8220;Parx\u00eds&#8221; es una propuesta esc\u00e9nica contempor\u00e1nea que, aunque muy apoyada en el trabajo textual, se constituye como una hibridaci\u00f3n de lenguajes donde caben el teatro f\u00edsico, las artes pl\u00e1sticas y las audiovisuales.<br><\/p>\n\n\n\n<p>El impulso inicial de este proyecto surge a partir de un recuerdo personal del autor:<br>&#8220;Desde los seis a\u00f1os hasta los doce aproximadamente, me tiraba las tardes en casa de mis abuelos. Todas eran igual. Volv\u00eda de clase, merendaba un \u2018nutritivo\u2019 vaso de leche con Colacao y galletas, terminaba los deberes (o no), y despu\u00e9s ten\u00eda dos opciones: entretenerme con las pelis de indios y vaqueros que manten\u00edan amordazado a mi abuelo en su sill\u00f3n verde aterciopelado, o echarme unas partidas al parch\u00eds, o en su defecto a la oca, con mi abuela\u201d.<\/p>\n\n\n\n<p><br><\/p>\n\n\n\n<figure class=\"wp-block-image size-large\"><img decoding=\"async\" src=\"http:\/\/joaquinschmidt.com\/wp-content\/uploads\/2023\/10\/03_parxis-1024x1024.jpg\" alt=\"\" class=\"wp-image-20078\"\/><\/figure>\n\n\n\n<figure class=\"wp-block-image size-large\"><img decoding=\"async\" src=\"http:\/\/joaquinschmidt.com\/wp-content\/uploads\/2023\/10\/02_parxis-1024x1024.jpg\" alt=\"\" class=\"wp-image-20077\"\/><\/figure>\n","protected":false},"excerpt":{"rendered":"<p>El Teatro C\u00edrculo de Benimaclet acoge &#8220;Parx\u00eds&#8221;, la nueva producci\u00f3n teatral del creador y autor emergente Tom\u00e0s Verd\u00fa. La obra se estren\u00f3 el pasado 6 de octubre y los pases disponibles son el 19, 20, 21 y 22 de octubre.&#8220;Parx\u00eds&#8221; &hellip;<\/p>\n","protected":false},"author":2,"featured_media":20079,"comment_status":"closed","ping_status":"closed","sticky":false,"template":"","format":"standard","meta":{"footnotes":""},"categories":[2,3],"tags":[],"class_list":["post-20219","post","type-post","status-publish","format-standard","has-post-thumbnail","hentry","category-archivos-del-blog","category-noticias"],"aioseo_notices":[],"_links":{"self":[{"href":"https:\/\/www.joaquinschmidt.com\/en\/wp-json\/wp\/v2\/posts\/20219","targetHints":{"allow":["GET"]}}],"collection":[{"href":"https:\/\/www.joaquinschmidt.com\/en\/wp-json\/wp\/v2\/posts"}],"about":[{"href":"https:\/\/www.joaquinschmidt.com\/en\/wp-json\/wp\/v2\/types\/post"}],"author":[{"embeddable":true,"href":"https:\/\/www.joaquinschmidt.com\/en\/wp-json\/wp\/v2\/users\/2"}],"replies":[{"embeddable":true,"href":"https:\/\/www.joaquinschmidt.com\/en\/wp-json\/wp\/v2\/comments?post=20219"}],"version-history":[{"count":0,"href":"https:\/\/www.joaquinschmidt.com\/en\/wp-json\/wp\/v2\/posts\/20219\/revisions"}],"wp:featuredmedia":[{"embeddable":true,"href":"https:\/\/www.joaquinschmidt.com\/en\/wp-json\/wp\/v2\/media\/20079"}],"wp:attachment":[{"href":"https:\/\/www.joaquinschmidt.com\/en\/wp-json\/wp\/v2\/media?parent=20219"}],"wp:term":[{"taxonomy":"category","embeddable":true,"href":"https:\/\/www.joaquinschmidt.com\/en\/wp-json\/wp\/v2\/categories?post=20219"},{"taxonomy":"post_tag","embeddable":true,"href":"https:\/\/www.joaquinschmidt.com\/en\/wp-json\/wp\/v2\/tags?post=20219"}],"curies":[{"name":"wp","href":"https:\/\/api.w.org\/{rel}","templated":true}]}}