{"id":24476,"date":"2026-03-09T09:42:37","date_gmt":"2026-03-09T08:42:37","guid":{"rendered":"https:\/\/www.joaquinschmidt.com\/?p=24476"},"modified":"2026-03-09T13:34:56","modified_gmt":"2026-03-09T12:34:56","slug":"todo-comenzara-el-proximo-13-de-marzo","status":"publish","type":"post","link":"https:\/\/www.joaquinschmidt.com\/en\/todo-comenzara-el-proximo-13-de-marzo\/","title":{"rendered":"Todo comenzar\u00e1 el pr\u00f3ximo 13 de marzo"},"content":{"rendered":"<p><strong>&#8220;No hables a menos que puedas mejorar el silencio.\u201d<\/strong> <em>proverbio \u00e1rabe<\/em><\/p>\n<p>\u00ab\u00a1Os espero con el coraz\u00f3n en cada plato!\u00bb<\/p>\n<p><strong>\u00a1Queridos amigos y amigas!<\/strong> El lleno absoluto de febrero fue un regalo inolvidable. Me he dado cuenta de que mi camino y mi cocina son inseparables; por ello, y para atender a quienes no pudisteis estar en <strong>\u201cEl \u00daltimo Baile.&#8221;<\/strong> la despedida oficial, he decidido seguir cocinando un poco m\u00e1s.<br \/>\n<!--more--><\/p>\n<p>No es una vuelta atr\u00e1s, sino una prolongaci\u00f3n de la felicidad. Abrimos de nuevo las reservas para vivir este \u00abbis\u00bb juntos. Cocinar\u00e9 los jueves para el barrio (Garum) y abrir\u00e9 el restaurante <strong>viernes y s\u00e1bados noche<\/strong>.<\/p>\n<p><strong>&#8220;Debes examinar con qui\u00e9n comes y bebes, antes de qu\u00e9 vas a comer y beber; porque llenarse de carne sin un amigo es vivir la vida de un le\u00f3n o un lobo\u201d <\/strong>Epicuro<\/p>\n<p>Todo comenzar\u00e1 el pr\u00f3ximo <strong>13 de marzo<\/strong>.<\/p>\n<p>Como siempre, con el coraz\u00f3n en cada plato.<\/p>\n<p><strong>&#8220;No cocino para una \u00e9lite ni para complacer a las masas; cocino para m\u00ed y para mis amigos.\u201d<\/strong><\/p>\n<p><strong>llista de reproducci\u00f3. Sense Fi<\/strong> https:\/\/open.spotify.com\/playlist\/1yASpBC8QU1N9SLjRbK4x4?si=6017559816104971<\/p>\n<p>Joaqu\u00edn Schmdit<\/p>\n","protected":false},"excerpt":{"rendered":"<p>&#8220;No hables a menos que puedas mejorar el silencio.\u201d proverbio \u00e1rabe \u00ab\u00a1Os espero con el coraz\u00f3n en cada plato!\u00bb \u00a1Queridos amigos y amigas! El lleno absoluto de febrero fue un regalo inolvidable. Me he dado cuenta de que mi camino &hellip;<\/p>\n","protected":false},"author":1,"featured_media":24479,"comment_status":"open","ping_status":"open","sticky":false,"template":"","format":"standard","meta":{"footnotes":""},"categories":[3],"tags":[],"class_list":["post-24476","post","type-post","status-publish","format-standard","has-post-thumbnail","hentry","category-noticias"],"aioseo_notices":[],"_links":{"self":[{"href":"https:\/\/www.joaquinschmidt.com\/en\/wp-json\/wp\/v2\/posts\/24476","targetHints":{"allow":["GET"]}}],"collection":[{"href":"https:\/\/www.joaquinschmidt.com\/en\/wp-json\/wp\/v2\/posts"}],"about":[{"href":"https:\/\/www.joaquinschmidt.com\/en\/wp-json\/wp\/v2\/types\/post"}],"author":[{"embeddable":true,"href":"https:\/\/www.joaquinschmidt.com\/en\/wp-json\/wp\/v2\/users\/1"}],"replies":[{"embeddable":true,"href":"https:\/\/www.joaquinschmidt.com\/en\/wp-json\/wp\/v2\/comments?post=24476"}],"version-history":[{"count":4,"href":"https:\/\/www.joaquinschmidt.com\/en\/wp-json\/wp\/v2\/posts\/24476\/revisions"}],"predecessor-version":[{"id":24482,"href":"https:\/\/www.joaquinschmidt.com\/en\/wp-json\/wp\/v2\/posts\/24476\/revisions\/24482"}],"wp:featuredmedia":[{"embeddable":true,"href":"https:\/\/www.joaquinschmidt.com\/en\/wp-json\/wp\/v2\/media\/24479"}],"wp:attachment":[{"href":"https:\/\/www.joaquinschmidt.com\/en\/wp-json\/wp\/v2\/media?parent=24476"}],"wp:term":[{"taxonomy":"category","embeddable":true,"href":"https:\/\/www.joaquinschmidt.com\/en\/wp-json\/wp\/v2\/categories?post=24476"},{"taxonomy":"post_tag","embeddable":true,"href":"https:\/\/www.joaquinschmidt.com\/en\/wp-json\/wp\/v2\/tags?post=24476"}],"curies":[{"name":"wp","href":"https:\/\/api.w.org\/{rel}","templated":true}]}}